{"id":1,"date":"2024-09-06T21:17:18","date_gmt":"2024-09-06T21:17:18","guid":{"rendered":"http:\/\/associacaomares.com.br\/?p=1"},"modified":"2024-09-08T02:04:58","modified_gmt":"2024-09-08T02:04:58","slug":"hello-world","status":"publish","type":"post","link":"http:\/\/www.associacaomares.com.br\/?p=1","title":{"rendered":"Trabalho Social e Comunidade: Juntos na Transforma\u00e7\u00e3o"},"content":{"rendered":"\n<p>Na Associa\u00e7\u00e3o dos Pequenos Produtores do S\u00edtio Mar\u00e9s, nosso compromisso vai al\u00e9m da agricultura. Estamos profundamente envolvidos em iniciativas sociais que fazem a diferen\u00e7a na vida dos nossos produtores e suas fam\u00edlias.<\/p>\n\n\n\n<p>Investimos no desenvolvimento social e no fortalecimento dos la\u00e7os comunit\u00e1rios, promovendo um ambiente colaborativo e solid\u00e1rio. Estamos orgulhosos dos resultados alcan\u00e7ados e continuaremos a investir no <\/p>\n\n\n\n<figure class=\"wp-block-image size-large\"><img loading=\"lazy\" decoding=\"async\" width=\"1024\" height=\"715\" src=\"https:\/\/www.associacaomares.com.br\/wp-content\/uploads\/2024\/09\/WhatsApp-Image-2024-09-07-at-21.40.13-1-1-1024x715.jpeg\" alt=\"\" class=\"wp-image-18\" srcset=\"http:\/\/www.associacaomares.com.br\/wp-content\/uploads\/2024\/09\/WhatsApp-Image-2024-09-07-at-21.40.13-1-1-1024x715.jpeg 1024w, http:\/\/www.associacaomares.com.br\/wp-content\/uploads\/2024\/09\/WhatsApp-Image-2024-09-07-at-21.40.13-1-1-300x209.jpeg 300w, http:\/\/www.associacaomares.com.br\/wp-content\/uploads\/2024\/09\/WhatsApp-Image-2024-09-07-at-21.40.13-1-1-768x536.jpeg 768w, http:\/\/www.associacaomares.com.br\/wp-content\/uploads\/2024\/09\/WhatsApp-Image-2024-09-07-at-21.40.13-1-1.jpeg 1170w\" sizes=\"auto, (max-width: 1024px) 100vw, 1024px\" \/><\/figure>\n\n\n\n<p><\/p>\n","protected":false},"excerpt":{"rendered":"<p>Na Associa\u00e7\u00e3o dos Pequenos Produtores do S\u00edtio Mar\u00e9s, nosso compromisso vai al\u00e9m da agricultura. Estamos profundamente envolvidos em iniciativas sociais que fazem a diferen\u00e7a na vida dos nossos produtores e suas fam\u00edlias. Investimos no desenvolvimento social e no fortalecimento dos la\u00e7os comunit\u00e1rios, promovendo um ambiente colaborativo e solid\u00e1rio. Estamos orgulhosos dos resultados alcan\u00e7ados e continuaremos [&hellip;]<\/p>\n","protected":false},"author":1,"featured_media":15,"comment_status":"open","ping_status":"open","sticky":false,"template":"","format":"standard","meta":{"footnotes":""},"categories":[1],"tags":[],"class_list":["post-1","post","type-post","status-publish","format-standard","has-post-thumbnail","hentry","category-noticias"],"_links":{"self":[{"href":"http:\/\/www.associacaomares.com.br\/index.php?rest_route=\/wp\/v2\/posts\/1","targetHints":{"allow":["GET"]}}],"collection":[{"href":"http:\/\/www.associacaomares.com.br\/index.php?rest_route=\/wp\/v2\/posts"}],"about":[{"href":"http:\/\/www.associacaomares.com.br\/index.php?rest_route=\/wp\/v2\/types\/post"}],"author":[{"embeddable":true,"href":"http:\/\/www.associacaomares.com.br\/index.php?rest_route=\/wp\/v2\/users\/1"}],"replies":[{"embeddable":true,"href":"http:\/\/www.associacaomares.com.br\/index.php?rest_route=%2Fwp%2Fv2%2Fcomments&post=1"}],"version-history":[{"count":2,"href":"http:\/\/www.associacaomares.com.br\/index.php?rest_route=\/wp\/v2\/posts\/1\/revisions"}],"predecessor-version":[{"id":19,"href":"http:\/\/www.associacaomares.com.br\/index.php?rest_route=\/wp\/v2\/posts\/1\/revisions\/19"}],"wp:featuredmedia":[{"embeddable":true,"href":"http:\/\/www.associacaomares.com.br\/index.php?rest_route=\/wp\/v2\/media\/15"}],"wp:attachment":[{"href":"http:\/\/www.associacaomares.com.br\/index.php?rest_route=%2Fwp%2Fv2%2Fmedia&parent=1"}],"wp:term":[{"taxonomy":"category","embeddable":true,"href":"http:\/\/www.associacaomares.com.br\/index.php?rest_route=%2Fwp%2Fv2%2Fcategories&post=1"},{"taxonomy":"post_tag","embeddable":true,"href":"http:\/\/www.associacaomares.com.br\/index.php?rest_route=%2Fwp%2Fv2%2Ftags&post=1"}],"curies":[{"name":"wp","href":"https:\/\/api.w.org\/{rel}","templated":true}]}}